{"id":1432,"date":"2012-11-29T11:50:36","date_gmt":"2012-11-29T10:50:36","guid":{"rendered":"http:\/\/www.scuolascicivetta.it\/?p=1432"},"modified":"2012-11-29T11:50:36","modified_gmt":"2012-11-29T10:50:36","slug":"liceo-sci-civetta-comunicazione-per-gli-sci-club","status":"publish","type":"post","link":"https:\/\/www.scuolascicivetta.it\/en\/liceo-sci-civetta-comunicazione-per-gli-sci-club\/","title":{"rendered":"Liceo Sci Civetta &#8211; Comunicazione per gli Sci Club"},"content":{"rendered":"<p>&nbsp;<\/p>\n<p><span style=\"color: #c1070b;\"><span style=\"font-size: small;\">Liceo Sci Civetta <\/span><\/span><\/p>\n<p><span style=\"color: #c1070b;\"><span style=\"font-size: small;\">Valle di Zoldo DOLOMITI <\/span><\/span><\/p>\n<p>&nbsp;<\/p>\n<p>&nbsp;<\/p>\n<p>&nbsp;<\/p>\n<p align=\"CENTER\"><span style=\"font-size: large;\">Alla cortese attenzione del Presidente dello Sci Club<\/span><\/p>\n<p>&nbsp;<\/p>\n<p align=\"JUSTIFY\"><span style=\"font-size: small;\">Spett.le Presidente<\/span><\/p>\n<p align=\"JUSTIFY\"><span style=\"font-size: small;\">Siamo ad informare lei, e attraverso la sua figura tutti i soci del suo sci club, riguardo un\u2019iniziativa del \u201cLiceo Sci Civetta\u201d. <\/span><\/p>\n<p align=\"JUSTIFY\"><span style=\"font-size: small;\">Nell\u2019ambito delle attivit\u00e0 che questa scuola svolge sul territorio zoldano, collaterali a quella statutaria e in un\u2019ottica di sinergie con chi opera in tutta la Valle, da quest\u2019anno ne partir\u00e0 una che potrebbe interessare molti dei suoi atleti in et\u00e0 scolare impegnati nel periodo natalizio di allenamenti sul nostro comprensorio sciistico.<\/span><\/p>\n<p align=\"JUSTIFY\"><span style=\"font-size: small;\">Preso atto della difficolt\u00e0 di conciliare sport e scuola per chi fa sci agonistico, viene organizzato dal \u201cLiceo\u201d, <\/span><span style=\"font-size: small;\"><span style=\"text-decoration: underline;\"><strong>durante tutto il periodo delle vacanze natalizie<\/strong><\/span><\/span><span style=\"font-size: small;\">, cos\u00ec come viene fatto per i propri studenti, un servizio di tutoring assistito serale (tardo pomeriggio) per aiutare a svolgere le attivit\u00e0 di studio che competono agli atleti.<\/span><\/p>\n<p align=\"JUSTIFY\"><span style=\"font-size: small;\">Tale attivit\u00e0 verr\u00e0 svolta dai nostri docenti e tutors con l\u2019utilizzo di tutte le strategie necessarie gi\u00e0 applicate per gli allievi del \u201cLiceo\u201d.<\/span><\/p>\n<p align=\"JUSTIFY\"><span style=\"font-size: small;\">L\u2019attivit\u00e0 in questione riguarda studenti e studentesse interessati\/e sia delle scuole medie che delle superiori.<\/span><\/p>\n<p align=\"JUSTIFY\"><span style=\"font-size: small;\">Verranno forniti, oltre ai docenti, anche i locali adatti dove svolgere lo studio e le eventuali attrezzature necessarie.<\/span><\/p>\n<p align=\"JUSTIFY\">\n<p align=\"JUSTIFY\"><span style=\"font-size: small;\">Ci sembra una interessante <\/span><span style=\"font-size: small;\"><strong>novit\u00e0 assoluta<\/strong><\/span><span style=\"font-size: small;\"> presentata da una localit\u00e0 sciistica ospitante tanti giovani atleti e che si candida a diventare polo di eccellenza per le attivit\u00e0 di studio-sport e da qui la decisione di permetterci di chiedere cortesemente la sua attenzione e la sua disponibilit\u00e0 a divulgare la cosa presso i suoi tesserati.<\/span><\/p>\n<p align=\"JUSTIFY\"><span style=\"font-size: small;\">Siamo anche convinti che possa essere una buona immagine per il suo sci club che si proporrebbe alla propria utenza con un\u2019offerta tarata in modo completo su tutte le esigenze dei propri atleti.<\/span><\/p>\n<p align=\"JUSTIFY\">\n<p align=\"JUSTIFY\"><span style=\"font-size: small;\">Ringraziandola comunque per la sua attenzione e augurando a lei e ai suoi soci una splendida stagione invernale, le porgiamo i nostri pi\u00f9 distinti saluti.<\/span><\/p>\n<p align=\"JUSTIFY\">\n<p align=\"JUSTIFY\"><span style=\"font-size: small;\">Valle di Zoldo l\u00ec, 29\/11\/2012<\/span><\/p>\n<p align=\"JUSTIFY\"><span style=\"font-size: small;\"> Per lo staff<\/span><\/p>\n<p align=\"JUSTIFY\"><span style=\"font-size: small;\"> Il Coordinatore di Progetto<\/span><\/p>\n<p align=\"JUSTIFY\"><span style=\"font-size: small;\"> Goffredo Bozzi<\/span><\/p>\n<p>&nbsp;<\/p>","protected":false},"excerpt":{"rendered":"<p>&nbsp; Liceo Sci Civetta Valle di Zoldo DOLOMITI &nbsp; &nbsp; &nbsp; Alla cortese attenzione del Presidente dello Sci Club &nbsp; Spett.le Presidente Siamo ad informare lei, e attraverso la sua figura tutti i soci del suo sci club, riguardo un\u2019iniziativa del \u201cLiceo Sci Civetta\u201d. Nell\u2019ambito delle attivit\u00e0 che questa scuola svolge sul territorio zoldano, collaterali [&hellip;]<\/p>\n","protected":false},"author":3,"featured_media":0,"comment_status":"closed","ping_status":"closed","sticky":false,"template":"","format":"standard","meta":{"footnotes":""},"categories":[12,8],"tags":[],"class_list":["post-1432","post","type-post","status-publish","format-standard","hentry","category-manifestazioni","category-news"],"_links":{"self":[{"href":"https:\/\/www.scuolascicivetta.it\/en\/wp-json\/wp\/v2\/posts\/1432","targetHints":{"allow":["GET"]}}],"collection":[{"href":"https:\/\/www.scuolascicivetta.it\/en\/wp-json\/wp\/v2\/posts"}],"about":[{"href":"https:\/\/www.scuolascicivetta.it\/en\/wp-json\/wp\/v2\/types\/post"}],"author":[{"embeddable":true,"href":"https:\/\/www.scuolascicivetta.it\/en\/wp-json\/wp\/v2\/users\/3"}],"replies":[{"embeddable":true,"href":"https:\/\/www.scuolascicivetta.it\/en\/wp-json\/wp\/v2\/comments?post=1432"}],"version-history":[{"count":0,"href":"https:\/\/www.scuolascicivetta.it\/en\/wp-json\/wp\/v2\/posts\/1432\/revisions"}],"wp:attachment":[{"href":"https:\/\/www.scuolascicivetta.it\/en\/wp-json\/wp\/v2\/media?parent=1432"}],"wp:term":[{"taxonomy":"category","embeddable":true,"href":"https:\/\/www.scuolascicivetta.it\/en\/wp-json\/wp\/v2\/categories?post=1432"},{"taxonomy":"post_tag","embeddable":true,"href":"https:\/\/www.scuolascicivetta.it\/en\/wp-json\/wp\/v2\/tags?post=1432"}],"curies":[{"name":"wp","href":"https:\/\/api.w.org\/{rel}","templated":true}]}}