{"id":1394,"date":"2012-11-17T10:16:19","date_gmt":"2012-11-17T09:16:19","guid":{"rendered":"http:\/\/www.scuolascicivetta.it\/?p=1394"},"modified":"2012-11-17T10:16:19","modified_gmt":"2012-11-17T09:16:19","slug":"liceo-sci-civetta-2","status":"publish","type":"post","link":"https:\/\/www.scuolascicivetta.it\/en\/liceo-sci-civetta-2\/","title":{"rendered":"Liceo Sci Civetta"},"content":{"rendered":"<p>Da pochi giorni ha visto la luce il progetto del Liceo Sci Civetta, una straordinaria e innovativa iniziativa scolastica, fortemente voluta da Goffredo Bozzi e Gianni Nobile, che mira a conciliare il mondo della scuola e dello sport.<\/p>\n<p>Qui sotto potete trovare un estratto dal sito ufficiale del Liceo.<\/p>\n<p>&nbsp;<\/p>\n<p><em>Liceo Sci Civetta \u00e8 il miglior tentativo, attraverso esperienza, competenza e innovazione di spazzare via falsi ostacoli e creare un ambiente ottimale per la convivenza dei due grandi artefici.<\/em><\/p>\n<h3 style=\"text-align: center;\">Il Progetto &#8220;medie&#8221;<\/h3>\n<p><em>Fare &#8220;filiera&#8221;, termine in voga per indicare attivit\u00e0 di intervento che, pur diverse, creano un percorso verso un obiettivo comune essendo il punto di arrivo di ogni processo contemporaneamente punto di partenza del successivo.<\/em><\/p>\n<p><em>Nella carriera sportiva di uno sciatore ci sono continui &#8220;salti&#8221; difficili da affrontare: le categorie nella pratica sportiva o i diversi tipi di scuole in quella didattica per citarne due e il riuscire ad eliminare questi passaggi crea una facilit\u00e0 di crescita notevole.<\/em><\/p>\n<p><em>Volendo essere progetto di eccellenza, il Liceo Sci Civetta intende iniziare la sua attivit\u00e0 anche con i ragazzi pi\u00f9 giovani per creare delle prassi e dei metodi validi e necessari nella fase di maggior impegno verso l&#8217;et\u00e0 adulta.<\/em><\/p>\n<p><em>In pratica si ricalca quanto viene fatto per i pi\u00f9 grandi ma con modalit\u00e0 e carico di impegno tarate sulle diverse esigenze.<\/em><\/p>\n<p><em>3 giorni di scuola nei propri istituti e 3 di allenamento e tutoring didattico in Valzoldana concordati tra staff, docenti e famiglie per il periodo invernale (gennaio-aprile) pi\u00f9 le vacanze di Natale, carnevale o altre, da passare quasi interamente sulle piste e nelle aule di Zoldo.\u00a0<\/em><\/p>\n<p><em>I 3 giorni nelle dolomiti vedrebbero i ragazzi salire al mattino per allenarsi, mangiare e studiare all&#8217;interno del &#8220;Liceo&#8221; fino alla sera per poi rientrare nelle rispettive famiglie oppure, se necessario e richiesto, restare in Valzoldana per tutti 3 i giorni o in base alle esigenze evidenziate.<strong><span style=\"text-decoration: underline;\"> Il tutto per\u00f2 in un&#8217;azione concordata che di fatto duri 6 giorni alla settimana per non creare due situazioni in contrasto, ma in perfetta azione sinergica.<\/span><\/strong><\/em><\/p>\n<p><em>Chiaramente, chi intendesse trascorrere tutto l&#8217;anno usufruendo dei servizi del progetto, vedrebbe la realizzazione anche di questa ipotesi, sia per coloro che, provenendo da lontano avessero bisogno di residenzialit\u00e0 che per i residenti. In questo caso la scuola media di Forno di Zoldo sarebbe accoglierebbe al suo interno gli alliev,i gestiti per\u00f2 nella totalit\u00e0 della loro giornata extra-scolastica, dallo staff di progetto.<\/em><\/p>\n<p><em>Per quanto riguarda la residenzialit\u00e0, trattandosi di ragazze\/i molto giovani, sarebbe quella in famiglia, mentre l&#8217;azione di tutoring e quant&#8217;altro vedrebbe l&#8217;opera dello staff di progetto e dei docenti.\u00a0<\/em><\/p>\n<p><em><\/em>(tratto dal sito www.liceoscicivetta.it)<\/p>\n<p>&nbsp;<\/p>\n<h3 style=\"text-align: center;\">Per saperne di pi\u00f9<\/h3>\n<p style=\"text-align: center;\"><a title=\"Articolo Corriere delle Alpi 09.10.12\" href=\"http:\/\/corrierealpi.gelocal.it\/cronaca\/2012\/10\/09\/news\/nasce-il-liceo-sci-zoldano-per-conciliare-libri-e-sport-1.5836542\" target=\"_blank\" rel=\"noopener\">Articolo Corriere delle Alpi 09.10.12<\/a><\/p>\n<p style=\"text-align: center;\"><a title=\"Sito Liceo Sci Civetta\" href=\"\/en\/www.liceoscicivetta.it\/\">Sito Liceo Sci Civetta<\/a><\/p>\n<p style=\"text-align: center;\"><a title=\"Diventa amico del Liceo Sci Civetta su Facebook!\" href=\"http:\/\/www.facebook.com\/civetta.liceosci\" target=\"_blank\" rel=\"noopener\">Diventa amico del Liceo Sci su Facebook!<\/a><\/p>\n<p>&nbsp;<\/p>","protected":false},"excerpt":{"rendered":"<p>Da pochi giorni ha visto la luce il progetto del Liceo Sci Civetta, una straordinaria e innovativa iniziativa scolastica, fortemente voluta da Goffredo Bozzi e Gianni Nobile, che mira a conciliare il mondo della scuola e dello sport. Qui sotto potete trovare un estratto dal sito ufficiale del Liceo. &nbsp; Liceo Sci Civetta \u00e8 il [&hellip;]<\/p>\n","protected":false},"author":3,"featured_media":0,"comment_status":"closed","ping_status":"closed","sticky":false,"template":"","format":"standard","meta":{"footnotes":""},"categories":[12,8],"tags":[],"class_list":["post-1394","post","type-post","status-publish","format-standard","hentry","category-manifestazioni","category-news"],"_links":{"self":[{"href":"https:\/\/www.scuolascicivetta.it\/en\/wp-json\/wp\/v2\/posts\/1394","targetHints":{"allow":["GET"]}}],"collection":[{"href":"https:\/\/www.scuolascicivetta.it\/en\/wp-json\/wp\/v2\/posts"}],"about":[{"href":"https:\/\/www.scuolascicivetta.it\/en\/wp-json\/wp\/v2\/types\/post"}],"author":[{"embeddable":true,"href":"https:\/\/www.scuolascicivetta.it\/en\/wp-json\/wp\/v2\/users\/3"}],"replies":[{"embeddable":true,"href":"https:\/\/www.scuolascicivetta.it\/en\/wp-json\/wp\/v2\/comments?post=1394"}],"version-history":[{"count":0,"href":"https:\/\/www.scuolascicivetta.it\/en\/wp-json\/wp\/v2\/posts\/1394\/revisions"}],"wp:attachment":[{"href":"https:\/\/www.scuolascicivetta.it\/en\/wp-json\/wp\/v2\/media?parent=1394"}],"wp:term":[{"taxonomy":"category","embeddable":true,"href":"https:\/\/www.scuolascicivetta.it\/en\/wp-json\/wp\/v2\/categories?post=1394"},{"taxonomy":"post_tag","embeddable":true,"href":"https:\/\/www.scuolascicivetta.it\/en\/wp-json\/wp\/v2\/tags?post=1394"}],"curies":[{"name":"wp","href":"https:\/\/api.w.org\/{rel}","templated":true}]}}