{"id":1362,"date":"2012-09-17T11:26:39","date_gmt":"2012-09-17T09:26:39","guid":{"rendered":"http:\/\/www.scuolascicivetta.it\/?p=1362"},"modified":"2012-09-17T11:26:39","modified_gmt":"2012-09-17T09:26:39","slug":"liceo-sci-civetta","status":"publish","type":"post","link":"https:\/\/www.scuolascicivetta.it\/en\/liceo-sci-civetta\/","title":{"rendered":"Liceo Sci Civetta"},"content":{"rendered":"<p>Nella prossima stagione invernale ci sar\u00e0 una grandissima novit\u00e0 per tutti i ragazzi che desiderano coniugare impegni scolastici ad alto livello e la passione per lo sci: l&#8217;apertura del Liceo Sci Civetta!<\/p>\n<p>Lo staff che ne cura l&#8217;attivit\u00e0 \u00e8 costituito da professionisti di comprovata esperienza: un coordinatore generale di progetto gi\u00e0 fondatore e gestore di realt\u00e0 analoghe anche internazionali, un responsabile rapporti col territorio e di marketing che gi\u00e0 opera in loco, un responsabile tecnico per la parte sportiva di esperienza, un responsabile didattico per il tutoring scolastico scelto tra chi ha gi\u00e0 lavorato nel campo pi\u00f9 i professionisti necessari per i vari ambiti.<\/p>\n<p>Partecipano al progetto, come appoggio esterno, i comuni di Forno di Zoldo e di Zoldo Alto che ne hanno deliberato la validit\u00e0, il Consorzio impianti a fune Civetta, partners privati e pubblici, scuole e universit\u00e0.<\/p>\n<p>L&#8217;associazione ha sede in Valzoldana a Pecol di Zoldo Alto tra le spettacolari Dolomiti Bellunesi.<\/p>\n<p>Per ulteriori informazioni visitate il sito <a href=\"http:\/\/liceoscicivetta.altervista.org\" target=\"_blank\" rel=\"noopener\">liceoscicivetta.altervista.org<\/a> oppure inviate una mail a liceoscicivetta@gmail.com<\/p>\n<p>In basso potete trovare il parere di Goffredo Bozzi, promotore del progetto:<\/p>\n<p><iframe width=\"420\" height=\"315\" src=\"\/\/www.youtube.com\/embed\/2Hi4R3ljB-4\" frameborder=\"0\" allowfullscreen><\/iframe><\/p>","protected":false},"excerpt":{"rendered":"<p>Nella prossima stagione invernale ci sar\u00e0 una grandissima novit\u00e0 per tutti i ragazzi che desiderano coniugare impegni scolastici ad alto livello e la passione per lo sci: l&#8217;apertura del Liceo Sci Civetta! Lo staff che ne cura l&#8217;attivit\u00e0 \u00e8 costituito da professionisti di comprovata esperienza: un coordinatore generale di progetto gi\u00e0 fondatore e gestore di [&hellip;]<\/p>\n","protected":false},"author":3,"featured_media":0,"comment_status":"closed","ping_status":"closed","sticky":false,"template":"","format":"standard","meta":{"footnotes":""},"categories":[12,8],"tags":[],"class_list":["post-1362","post","type-post","status-publish","format-standard","hentry","category-manifestazioni","category-news"],"_links":{"self":[{"href":"https:\/\/www.scuolascicivetta.it\/en\/wp-json\/wp\/v2\/posts\/1362","targetHints":{"allow":["GET"]}}],"collection":[{"href":"https:\/\/www.scuolascicivetta.it\/en\/wp-json\/wp\/v2\/posts"}],"about":[{"href":"https:\/\/www.scuolascicivetta.it\/en\/wp-json\/wp\/v2\/types\/post"}],"author":[{"embeddable":true,"href":"https:\/\/www.scuolascicivetta.it\/en\/wp-json\/wp\/v2\/users\/3"}],"replies":[{"embeddable":true,"href":"https:\/\/www.scuolascicivetta.it\/en\/wp-json\/wp\/v2\/comments?post=1362"}],"version-history":[{"count":0,"href":"https:\/\/www.scuolascicivetta.it\/en\/wp-json\/wp\/v2\/posts\/1362\/revisions"}],"wp:attachment":[{"href":"https:\/\/www.scuolascicivetta.it\/en\/wp-json\/wp\/v2\/media?parent=1362"}],"wp:term":[{"taxonomy":"category","embeddable":true,"href":"https:\/\/www.scuolascicivetta.it\/en\/wp-json\/wp\/v2\/categories?post=1362"},{"taxonomy":"post_tag","embeddable":true,"href":"https:\/\/www.scuolascicivetta.it\/en\/wp-json\/wp\/v2\/tags?post=1362"}],"curies":[{"name":"wp","href":"https:\/\/api.w.org\/{rel}","templated":true}]}}