{"id":1283,"date":"2012-05-09T13:55:52","date_gmt":"2012-05-09T11:55:52","guid":{"rendered":"http:\/\/www.scuolascicivetta.it\/?p=1283"},"modified":"2012-05-09T13:55:52","modified_gmt":"2012-05-09T11:55:52","slug":"giro-d-italia-2012-dolomiti-stars-si-veste-di-rosa","status":"publish","type":"post","link":"https:\/\/www.scuolascicivetta.it\/en\/giro-d-italia-2012-dolomiti-stars-si-veste-di-rosa\/","title":{"rendered":"Giro d&#8217; Italia 2012 &#8211; DOLOMITI STARS SI VESTE DI ROSA!"},"content":{"rendered":"<p><a href=\"http:\/\/www.scuolascicivetta.it\/wp-content\/uploads\/2012\/05\/dolomitistars.png\"><img decoding=\"async\" src=\"http:\/\/www.scuolascicivetta.it\/wp-content\/uploads\/2012\/05\/dolomitistars-300x85.png\" alt=\"dolomitistars\" width=\"300\" height=\"85\" class=\"alignnone size-medium wp-image-1833\" \/><\/a><\/p>\n<p>Inizia\u00a0 l\u2019avventura di Dolomiti Stars al 95\u00b0 Giro d\u2019Italia. Anche quest\u2019anno, infatti, il Consorzio Turistico che gestisce e coordina le attivit\u00e0 promozionali di Civetta (Alleghe, Selva di Cadore e Val di Zoldo), Falcade, Arabba e Marmolada, alcune tra le pi\u00f9 belle aree delle Dolomiti, parteciper\u00e0 in modo attivo alla \u201ccorsa rosa\u201d attraverso numerose iniziative.<\/p>\n<p>\u201cIl Giro d\u2019Italia \u00e8 l\u2019evento ciclistico pi\u00f9 amato dagli italiani, seguito da oltre 300 milioni di spettatori, molti dei quali sulle strade, in tutto il mondo: un\u2019occasione imperdibile di visibilit\u00e0 e di incontro con il mercato internazionale delle due ruote, un target sul quale stiamo puntando molto in questo momento cercando di rendere il territorio di Dolomiti Stars, che conta gi\u00e0 900 km di percorsi per la bici ad un\u2019altitudine compresa tra 600 e 2550 metri, sempre pi\u00f9 bike friendly\u201d dice Marco Sartori, responsabile marketing di Dolomiti Stars. \u201cIl primo step di questo progetto, nel quale abbiamo coinvolto anche le strutture ricettive, i noleggi, i negozi e le guide turistiche, ha portato alla realizzazione di una brochure, studiata ad hoc per gli appassionati di ciclismo che sceglieranno di trascorrere le loro vacanze nelle nostre localit\u00e0, che verr\u00e0 distribuita alla partenza di ogni tappa all\u2019interno dello stand Dolomiti.\u201d<\/p>\n<p>In attesa del via ufficiale del Giro in programma sabato 05 maggio da Herning, in Danimarca, domani sera,gioved\u00ec 03 maggio, Dolomiti Stars presenter\u00e0 il proprio territorio ad agenzie, tour operator e giornalisti locali presso l\u2019Hotel Phoenix di Copenhagen, mentre venerd\u00ec 04 maggio incontrer\u00e0 la stampa specializzata ciclismo e turismo a Herning.<\/p>\n<p>Durante la corsa, infine, sono stati programmati altri tre workshop a Pesaro, Perugia e Firenze dove verranno svelate in anteprima le novit\u00e0 per l\u2019estate e l\u2019inverno 2012\/2013.<\/p>","protected":false},"excerpt":{"rendered":"<p>Inizia\u00a0 l\u2019avventura di Dolomiti Stars al 95\u00b0 Giro d\u2019Italia. Anche quest\u2019anno, infatti, il Consorzio Turistico che gestisce e coordina le attivit\u00e0 promozionali di Civetta (Alleghe, Selva di Cadore e Val di Zoldo), Falcade, Arabba e Marmolada, alcune tra le pi\u00f9 belle aree delle Dolomiti, parteciper\u00e0 in modo attivo alla \u201ccorsa rosa\u201d attraverso numerose iniziative. \u201cIl [&hellip;]<\/p>\n","protected":false},"author":3,"featured_media":0,"comment_status":"closed","ping_status":"closed","sticky":false,"template":"","format":"standard","meta":{"footnotes":""},"categories":[12,8],"tags":[],"class_list":["post-1283","post","type-post","status-publish","format-standard","hentry","category-manifestazioni","category-news"],"_links":{"self":[{"href":"https:\/\/www.scuolascicivetta.it\/en\/wp-json\/wp\/v2\/posts\/1283","targetHints":{"allow":["GET"]}}],"collection":[{"href":"https:\/\/www.scuolascicivetta.it\/en\/wp-json\/wp\/v2\/posts"}],"about":[{"href":"https:\/\/www.scuolascicivetta.it\/en\/wp-json\/wp\/v2\/types\/post"}],"author":[{"embeddable":true,"href":"https:\/\/www.scuolascicivetta.it\/en\/wp-json\/wp\/v2\/users\/3"}],"replies":[{"embeddable":true,"href":"https:\/\/www.scuolascicivetta.it\/en\/wp-json\/wp\/v2\/comments?post=1283"}],"version-history":[{"count":0,"href":"https:\/\/www.scuolascicivetta.it\/en\/wp-json\/wp\/v2\/posts\/1283\/revisions"}],"wp:attachment":[{"href":"https:\/\/www.scuolascicivetta.it\/en\/wp-json\/wp\/v2\/media?parent=1283"}],"wp:term":[{"taxonomy":"category","embeddable":true,"href":"https:\/\/www.scuolascicivetta.it\/en\/wp-json\/wp\/v2\/categories?post=1283"},{"taxonomy":"post_tag","embeddable":true,"href":"https:\/\/www.scuolascicivetta.it\/en\/wp-json\/wp\/v2\/tags?post=1283"}],"curies":[{"name":"wp","href":"https:\/\/api.w.org\/{rel}","templated":true}]}}